{"id":6781,"date":"2024-09-01T07:44:08","date_gmt":"2024-09-01T07:44:08","guid":{"rendered":"https:\/\/www.elri.ch\/?p=6781"},"modified":"2024-09-12T09:38:32","modified_gmt":"2024-09-12T09:38:32","slug":"jubiles-dans-lenterprise-2024","status":"publish","type":"post","link":"https:\/\/www.elri.ch\/fr\/personal-fr\/jubiles-dans-lenterprise-2024\/","title":{"rendered":"Jubil\u00e9s dans l&rsquo;enterprise 2024"},"content":{"rendered":"<p>Nous remercions de la fid\u00e9lit\u00e9 \u00e0 l\u2019entreprise et de l\u2019engagement pour notre soci\u00e9t\u00e9.<\/p>\n<p><!--more--><\/p>\n<p><img loading=\"lazy\" decoding=\"async\" class=\"alignleft wp-image-7269 size-medium\" src=\"https:\/\/www.elri.ch\/wp-content\/uploads\/\/15_jahre_AR_BR_10_jahre_DS_cut_420-2-300x225.jpg\" alt=\"\" width=\"300\" height=\"225\" srcset=\"https:\/\/www.elri.ch\/wp-content\/uploads\/15_jahre_AR_BR_10_jahre_DS_cut_420-2-300x225.jpg 300w, https:\/\/www.elri.ch\/wp-content\/uploads\/15_jahre_AR_BR_10_jahre_DS_cut_420-2.jpg 420w\" sizes=\"auto, (max-width: 300px) 100vw, 300px\" \/><\/p>\n<p>1. septembre<\/p>\n<p>Benjamin, <strong>15 ans Elri AG<\/strong><br \/>\nChef des ventes externe &amp; marketing<br \/>\nMembre du directoire<\/p>\n<p>Andreas, <strong>15 ans Elri AG<\/strong><br \/>\nChef de la technologie et du d\u00e9veloppement<br \/>\nMembre du directoire<\/p>\n<p>(au centre et \u00e0 droite sur la photo)<\/p>\n<p>&nbsp;<\/p>\n<p><img loading=\"lazy\" decoding=\"async\" class=\"alignleft wp-image-7269 size-medium\" src=\"https:\/\/www.elri.ch\/wp-content\/uploads\/\/15_jahre_AR_BR_10_jahre_DS_cut_420-2-300x225.jpg\" alt=\"\" width=\"300\" height=\"225\" srcset=\"https:\/\/www.elri.ch\/wp-content\/uploads\/15_jahre_AR_BR_10_jahre_DS_cut_420-2-300x225.jpg 300w, https:\/\/www.elri.ch\/wp-content\/uploads\/15_jahre_AR_BR_10_jahre_DS_cut_420-2.jpg 420w\" sizes=\"auto, (max-width: 300px) 100vw, 300px\" \/><\/p>\n<p>1. juillet<\/p>\n<p>David<br \/>\n<strong>10 ans Elri AG<\/strong><br \/>\nChef des ventes<br \/>\nMembre du directoire<\/p>\n<p>(laiss\u00e9 sur la photo)<\/p>\n<p>&nbsp;<\/p>\n<p>&nbsp;<br \/>\n&nbsp;<\/p>\n<p><img loading=\"lazy\" decoding=\"async\" class=\"alignleft wp-image-6900 size-medium\" src=\"https:\/\/www.elri.ch\/wp-content\/uploads\/\/20240604_30_jahre_peter_hofer_cut_420-300x225.jpg\" alt=\"\" width=\"300\" height=\"225\" srcset=\"https:\/\/www.elri.ch\/wp-content\/uploads\/20240604_30_jahre_peter_hofer_cut_420-300x225.jpg 300w, https:\/\/www.elri.ch\/wp-content\/uploads\/20240604_30_jahre_peter_hofer_cut_420.jpg 420w\" sizes=\"auto, (max-width: 300px) 100vw, 300px\" \/><\/p>\n<p>1. juin<\/p>\n<p>Peter<br \/>\n<strong>30 ans Elri AG<\/strong><br \/>\nChef d\u2019exploitation et de production<br \/>\nMembre du directoire<\/p>\n<p>&nbsp;<\/p>\n<p>&nbsp;<\/p>\n<p>&nbsp;<br \/>\n&nbsp;<\/p>\n<p><img loading=\"lazy\" decoding=\"async\" class=\"alignleft wp-image-6785 size-medium\" src=\"https:\/\/www.elri.ch\/wp-content\/uploads\/\/20240301_10_jahre_lumturije_frrokaj_420-300x225.jpg\" alt=\"\" width=\"300\" height=\"225\" srcset=\"https:\/\/www.elri.ch\/wp-content\/uploads\/20240301_10_jahre_lumturije_frrokaj_420-300x225.jpg 300w, https:\/\/www.elri.ch\/wp-content\/uploads\/20240301_10_jahre_lumturije_frrokaj_420.jpg 420w\" sizes=\"auto, (max-width: 300px) 100vw, 300px\" \/><\/p>\n<p>3. mars<\/p>\n<p>Lumturije<br \/>\n10 ans Elri AG<br \/>\nCollaboratrice de production<\/p>\n<p>&nbsp;<\/p>\n<p>&nbsp;<\/p>\n<p>&nbsp;<\/p>\n<p>&nbsp;<\/p>\n<p><img loading=\"lazy\" decoding=\"async\" class=\"alignleft wp-image-6783 size-medium\" src=\"https:\/\/www.elri.ch\/wp-content\/uploads\/\/20240301_15_jahre_hans_pfund_420-300x225.jpg\" alt=\"\" width=\"300\" height=\"225\" srcset=\"https:\/\/www.elri.ch\/wp-content\/uploads\/20240301_15_jahre_hans_pfund_420-300x225.jpg 300w, https:\/\/www.elri.ch\/wp-content\/uploads\/20240301_15_jahre_hans_pfund_420.jpg 420w\" sizes=\"auto, (max-width: 300px) 100vw, 300px\" \/><\/p>\n<p>1. mars<\/p>\n<p>Hans<br \/>\n15 ans Elri AG<br \/>\nCollaborateur de production<\/p>\n<p>&nbsp;<\/p>\n<p>&nbsp;<\/p>\n<p>&nbsp;<\/p>\n<p>&nbsp;<\/p>\n","protected":false},"excerpt":{"rendered":"<p>Nous remercions de la fid\u00e9lit\u00e9 \u00e0 l\u2019entreprise et de l\u2019engagement pour notre soci\u00e9t\u00e9.<\/p>\n","protected":false},"author":4,"featured_media":4159,"comment_status":"closed","ping_status":"closed","sticky":false,"template":"","format":"standard","meta":{"_acf_changed":false,"footnotes":""},"categories":[43],"tags":[],"class_list":["post-6781","post","type-post","status-publish","format-standard","has-post-thumbnail","hentry","category-personal-fr"],"acf":[],"aioseo_notices":[],"aioseo_head":"\n\t\t<!-- All in One SEO 5.0.1.1 - aioseo.com -->\n\t<meta name=\"description\" content=\"Nous remercions de la fid\u00e9lit\u00e9 \u00e0 l\u2019entreprise et de l\u2019engagement pour notre soci\u00e9t\u00e9. 1. septembre Benjamin, 15 ans Elri AG Chef des ventes externe &amp; marketing Membre du directoire Andreas, 15 ans Elri AG Chef de la technologie et du d\u00e9veloppement Membre du directoire (au centre et \u00e0 droite sur la photo) 1. juillet\" \/>\n\t<meta name=\"robots\" content=\"max-image-preview:large\" \/>\n\t<meta name=\"author\" content=\"tr\"\/>\n\t<link rel=\"canonical\" href=\"https:\/\/www.elri.ch\/fr\/personal-fr\/jubiles-dans-lenterprise-2024\/\" \/>\n\t<meta name=\"generator\" content=\"All in One SEO (AIOSEO) 5.0.1.1\" \/>\n\t\t<script type=\"application\/ld+json\" class=\"aioseo-schema\">\n\t\t\t{\"@context\":\"https:\\\/\\\/schema.org\",\"@graph\":[{\"@type\":\"Article\",\"@id\":\"https:\\\/\\\/www.elri.ch\\\/fr\\\/personal-fr\\\/jubiles-dans-lenterprise-2024\\\/#article\",\"name\":\"Jubil\\u00e9s dans l\\u2019enterprise 2024 | ELRI AG\",\"headline\":\"Jubil\\u00e9s dans l&rsquo;enterprise 2024\",\"author\":{\"@id\":\"https:\\\/\\\/www.elri.ch\\\/fr\\\/author\\\/tr\\\/#author\"},\"publisher\":{\"@id\":\"https:\\\/\\\/www.elri.ch\\\/fr\\\/#organization\"},\"image\":{\"@type\":\"ImageObject\",\"url\":\"https:\\\/\\\/www.elri.ch\\\/wp-content\\\/uploads\\\/Headerbild_Jubil\\u00e4um_1.jpg\",\"width\":1024,\"height\":300},\"datePublished\":\"2024-09-01T07:44:08+01:00\",\"dateModified\":\"2024-09-12T09:38:32+01:00\",\"inLanguage\":\"fr-FR\",\"mainEntityOfPage\":{\"@id\":\"https:\\\/\\\/www.elri.ch\\\/fr\\\/personal-fr\\\/jubiles-dans-lenterprise-2024\\\/#webpage\"},\"isPartOf\":{\"@id\":\"https:\\\/\\\/www.elri.ch\\\/fr\\\/personal-fr\\\/jubiles-dans-lenterprise-2024\\\/#webpage\"},\"articleSection\":\"Personnel, Facultatif\"},{\"@type\":\"BreadcrumbList\",\"@id\":\"https:\\\/\\\/www.elri.ch\\\/fr\\\/personal-fr\\\/jubiles-dans-lenterprise-2024\\\/#breadcrumblist\",\"itemListElement\":[{\"@type\":\"ListItem\",\"@id\":\"https:\\\/\\\/www.elri.ch\\\/fr\\\/#listItem\",\"position\":1,\"name\":\"Home\",\"item\":\"https:\\\/\\\/www.elri.ch\\\/fr\\\/\",\"nextItem\":{\"@type\":\"ListItem\",\"@id\":\"https:\\\/\\\/www.elri.ch\\\/fr\\\/category\\\/personal-fr\\\/#listItem\",\"name\":\"Personnel\"}},{\"@type\":\"ListItem\",\"@id\":\"https:\\\/\\\/www.elri.ch\\\/fr\\\/category\\\/personal-fr\\\/#listItem\",\"position\":2,\"name\":\"Personnel\",\"item\":\"https:\\\/\\\/www.elri.ch\\\/fr\\\/category\\\/personal-fr\\\/\",\"nextItem\":{\"@type\":\"ListItem\",\"@id\":\"https:\\\/\\\/www.elri.ch\\\/fr\\\/personal-fr\\\/jubiles-dans-lenterprise-2024\\\/#listItem\",\"name\":\"Jubil\\u00e9s dans l&rsquo;enterprise 2024\"},\"previousItem\":{\"@type\":\"ListItem\",\"@id\":\"https:\\\/\\\/www.elri.ch\\\/fr\\\/#listItem\",\"name\":\"Home\"}},{\"@type\":\"ListItem\",\"@id\":\"https:\\\/\\\/www.elri.ch\\\/fr\\\/personal-fr\\\/jubiles-dans-lenterprise-2024\\\/#listItem\",\"position\":3,\"name\":\"Jubil\\u00e9s dans l&rsquo;enterprise 2024\",\"previousItem\":{\"@type\":\"ListItem\",\"@id\":\"https:\\\/\\\/www.elri.ch\\\/fr\\\/category\\\/personal-fr\\\/#listItem\",\"name\":\"Personnel\"}}]},{\"@type\":\"Organization\",\"@id\":\"https:\\\/\\\/www.elri.ch\\\/fr\\\/#organization\",\"name\":\"ELRI AG\",\"url\":\"https:\\\/\\\/www.elri.ch\\\/fr\\\/\"},{\"@type\":\"Person\",\"@id\":\"https:\\\/\\\/www.elri.ch\\\/fr\\\/author\\\/tr\\\/#author\",\"url\":\"https:\\\/\\\/www.elri.ch\\\/fr\\\/author\\\/tr\\\/\",\"name\":\"tr\",\"image\":{\"@type\":\"ImageObject\",\"@id\":\"https:\\\/\\\/www.elri.ch\\\/fr\\\/personal-fr\\\/jubiles-dans-lenterprise-2024\\\/#authorImage\",\"url\":\"https:\\\/\\\/secure.gravatar.com\\\/avatar\\\/ac0448dc08d2b6e7a7aeeaf9c6376b7573d9307efe7b68e32404f2f5d1dbac55?s=96&d=blank&r=g\",\"width\":96,\"height\":96,\"caption\":\"tr\"}},{\"@type\":\"WebPage\",\"@id\":\"https:\\\/\\\/www.elri.ch\\\/fr\\\/personal-fr\\\/jubiles-dans-lenterprise-2024\\\/#webpage\",\"url\":\"https:\\\/\\\/www.elri.ch\\\/fr\\\/personal-fr\\\/jubiles-dans-lenterprise-2024\\\/\",\"name\":\"Jubil\\u00e9s dans l\\u2019enterprise 2024 | ELRI AG\",\"description\":\"Nous remercions de la fid\\u00e9lit\\u00e9 \\u00e0 l\\u2019entreprise et de l\\u2019engagement pour notre soci\\u00e9t\\u00e9. 1. septembre Benjamin, 15 ans Elri AG Chef des ventes externe & marketing Membre du directoire Andreas, 15 ans Elri AG Chef de la technologie et du d\\u00e9veloppement Membre du directoire (au centre et \\u00e0 droite sur la photo) 1. juillet\",\"inLanguage\":\"fr-FR\",\"isPartOf\":{\"@id\":\"https:\\\/\\\/www.elri.ch\\\/fr\\\/#website\"},\"breadcrumb\":{\"@id\":\"https:\\\/\\\/www.elri.ch\\\/fr\\\/personal-fr\\\/jubiles-dans-lenterprise-2024\\\/#breadcrumblist\"},\"author\":{\"@id\":\"https:\\\/\\\/www.elri.ch\\\/fr\\\/author\\\/tr\\\/#author\"},\"creator\":{\"@id\":\"https:\\\/\\\/www.elri.ch\\\/fr\\\/author\\\/tr\\\/#author\"},\"image\":{\"@type\":\"ImageObject\",\"url\":\"https:\\\/\\\/www.elri.ch\\\/wp-content\\\/uploads\\\/Headerbild_Jubil\\u00e4um_1.jpg\",\"@id\":\"https:\\\/\\\/www.elri.ch\\\/fr\\\/personal-fr\\\/jubiles-dans-lenterprise-2024\\\/#mainImage\",\"width\":1024,\"height\":300},\"primaryImageOfPage\":{\"@id\":\"https:\\\/\\\/www.elri.ch\\\/fr\\\/personal-fr\\\/jubiles-dans-lenterprise-2024\\\/#mainImage\"},\"datePublished\":\"2024-09-01T07:44:08+01:00\",\"dateModified\":\"2024-09-12T09:38:32+01:00\"},{\"@type\":\"WebSite\",\"@id\":\"https:\\\/\\\/www.elri.ch\\\/fr\\\/#website\",\"url\":\"https:\\\/\\\/www.elri.ch\\\/fr\\\/\",\"name\":\"ELRI AG\",\"inLanguage\":\"fr-FR\",\"publisher\":{\"@id\":\"https:\\\/\\\/www.elri.ch\\\/fr\\\/#organization\"}}]}\n\t\t<\/script>\n\t\t<!-- All in One SEO -->\n\n","aioseo_head_json":{"title":"Jubil\u00e9s dans l\u2019enterprise 2024 | ELRI AG","description":"Nous remercions de la fid\u00e9lit\u00e9 \u00e0 l\u2019entreprise et de l\u2019engagement pour notre soci\u00e9t\u00e9. 1. septembre Benjamin, 15 ans Elri AG Chef des ventes externe & marketing Membre du directoire Andreas, 15 ans Elri AG Chef de la technologie et du d\u00e9veloppement Membre du directoire (au centre et \u00e0 droite sur la photo) 1. juillet","canonical_url":"https:\/\/www.elri.ch\/fr\/personal-fr\/jubiles-dans-lenterprise-2024\/","robots":"max-image-preview:large","keywords":"","webmasterTools":{"miscellaneous":""},"schema":{"@context":"https:\/\/schema.org","@graph":[{"@type":"Article","@id":"https:\/\/www.elri.ch\/fr\/personal-fr\/jubiles-dans-lenterprise-2024\/#article","name":"Jubil\u00e9s dans l\u2019enterprise 2024 | ELRI AG","headline":"Jubil\u00e9s dans l&rsquo;enterprise 2024","author":{"@id":"https:\/\/www.elri.ch\/fr\/author\/tr\/#author"},"publisher":{"@id":"https:\/\/www.elri.ch\/fr\/#organization"},"image":{"@type":"ImageObject","url":"https:\/\/www.elri.ch\/wp-content\/uploads\/Headerbild_Jubil\u00e4um_1.jpg","width":1024,"height":300},"datePublished":"2024-09-01T07:44:08+01:00","dateModified":"2024-09-12T09:38:32+01:00","inLanguage":"fr-FR","mainEntityOfPage":{"@id":"https:\/\/www.elri.ch\/fr\/personal-fr\/jubiles-dans-lenterprise-2024\/#webpage"},"isPartOf":{"@id":"https:\/\/www.elri.ch\/fr\/personal-fr\/jubiles-dans-lenterprise-2024\/#webpage"},"articleSection":"Personnel, Facultatif"},{"@type":"BreadcrumbList","@id":"https:\/\/www.elri.ch\/fr\/personal-fr\/jubiles-dans-lenterprise-2024\/#breadcrumblist","itemListElement":[{"@type":"ListItem","@id":"https:\/\/www.elri.ch\/fr\/#listItem","position":1,"name":"Home","item":"https:\/\/www.elri.ch\/fr\/","nextItem":{"@type":"ListItem","@id":"https:\/\/www.elri.ch\/fr\/category\/personal-fr\/#listItem","name":"Personnel"}},{"@type":"ListItem","@id":"https:\/\/www.elri.ch\/fr\/category\/personal-fr\/#listItem","position":2,"name":"Personnel","item":"https:\/\/www.elri.ch\/fr\/category\/personal-fr\/","nextItem":{"@type":"ListItem","@id":"https:\/\/www.elri.ch\/fr\/personal-fr\/jubiles-dans-lenterprise-2024\/#listItem","name":"Jubil\u00e9s dans l&rsquo;enterprise 2024"},"previousItem":{"@type":"ListItem","@id":"https:\/\/www.elri.ch\/fr\/#listItem","name":"Home"}},{"@type":"ListItem","@id":"https:\/\/www.elri.ch\/fr\/personal-fr\/jubiles-dans-lenterprise-2024\/#listItem","position":3,"name":"Jubil\u00e9s dans l&rsquo;enterprise 2024","previousItem":{"@type":"ListItem","@id":"https:\/\/www.elri.ch\/fr\/category\/personal-fr\/#listItem","name":"Personnel"}}]},{"@type":"Organization","@id":"https:\/\/www.elri.ch\/fr\/#organization","name":"ELRI AG","url":"https:\/\/www.elri.ch\/fr\/"},{"@type":"Person","@id":"https:\/\/www.elri.ch\/fr\/author\/tr\/#author","url":"https:\/\/www.elri.ch\/fr\/author\/tr\/","name":"tr","image":{"@type":"ImageObject","@id":"https:\/\/www.elri.ch\/fr\/personal-fr\/jubiles-dans-lenterprise-2024\/#authorImage","url":"https:\/\/secure.gravatar.com\/avatar\/ac0448dc08d2b6e7a7aeeaf9c6376b7573d9307efe7b68e32404f2f5d1dbac55?s=96&d=blank&r=g","width":96,"height":96,"caption":"tr"}},{"@type":"WebPage","@id":"https:\/\/www.elri.ch\/fr\/personal-fr\/jubiles-dans-lenterprise-2024\/#webpage","url":"https:\/\/www.elri.ch\/fr\/personal-fr\/jubiles-dans-lenterprise-2024\/","name":"Jubil\u00e9s dans l\u2019enterprise 2024 | ELRI AG","description":"Nous remercions de la fid\u00e9lit\u00e9 \u00e0 l\u2019entreprise et de l\u2019engagement pour notre soci\u00e9t\u00e9. 1. septembre Benjamin, 15 ans Elri AG Chef des ventes externe & marketing Membre du directoire Andreas, 15 ans Elri AG Chef de la technologie et du d\u00e9veloppement Membre du directoire (au centre et \u00e0 droite sur la photo) 1. juillet","inLanguage":"fr-FR","isPartOf":{"@id":"https:\/\/www.elri.ch\/fr\/#website"},"breadcrumb":{"@id":"https:\/\/www.elri.ch\/fr\/personal-fr\/jubiles-dans-lenterprise-2024\/#breadcrumblist"},"author":{"@id":"https:\/\/www.elri.ch\/fr\/author\/tr\/#author"},"creator":{"@id":"https:\/\/www.elri.ch\/fr\/author\/tr\/#author"},"image":{"@type":"ImageObject","url":"https:\/\/www.elri.ch\/wp-content\/uploads\/Headerbild_Jubil\u00e4um_1.jpg","@id":"https:\/\/www.elri.ch\/fr\/personal-fr\/jubiles-dans-lenterprise-2024\/#mainImage","width":1024,"height":300},"primaryImageOfPage":{"@id":"https:\/\/www.elri.ch\/fr\/personal-fr\/jubiles-dans-lenterprise-2024\/#mainImage"},"datePublished":"2024-09-01T07:44:08+01:00","dateModified":"2024-09-12T09:38:32+01:00"},{"@type":"WebSite","@id":"https:\/\/www.elri.ch\/fr\/#website","url":"https:\/\/www.elri.ch\/fr\/","name":"ELRI AG","inLanguage":"fr-FR","publisher":{"@id":"https:\/\/www.elri.ch\/fr\/#organization"}}]}},"aioseo_meta_data":{"post_id":"6781","title":null,"description":null,"keywords":null,"keyphrases":{"focus":{"keyphrase":"","score":0,"analysis":{"keyphraseInTitle":{"score":0,"maxScore":9,"error":1}}},"additional":[]},"primary_term":null,"canonical_url":null,"og_title":null,"og_description":null,"og_object_type":"default","og_image_type":"default","og_image_url":null,"og_image_width":null,"og_image_height":null,"og_image_custom_url":null,"og_image_custom_fields":null,"og_video":"","og_custom_url":null,"og_article_section":null,"og_article_tags":null,"twitter_use_og":false,"twitter_card":"default","twitter_image_type":"default","twitter_image_url":null,"twitter_image_custom_url":null,"twitter_image_custom_fields":null,"twitter_title":null,"twitter_description":null,"schema":{"blockGraphs":[],"customGraphs":[],"default":{"data":{"Article":[],"Course":[],"Dataset":[],"FAQPage":[],"Movie":[],"Person":[],"Product":[],"ProductReview":[],"Car":[],"Recipe":[],"Service":[],"SoftwareApplication":[],"WebPage":[]},"graphName":"Article","isEnabled":true},"graphs":[],"defaultGraph":"Article","defaultPostTypeGraph":""},"schema_type":"default","schema_type_options":"{\"article\":{\"articleType\":\"BlogPosting\"},\"course\":{\"name\":\"\",\"description\":\"\",\"provider\":\"\"},\"faq\":{\"pages\":[]},\"product\":{\"reviews\":[]},\"recipe\":{\"ingredients\":[],\"instructions\":[],\"keywords\":[]},\"software\":{\"reviews\":[],\"operatingSystems\":[]},\"webPage\":{\"webPageType\":\"WebPage\"}}","pillar_content":false,"robots_default":true,"robots_noindex":false,"robots_noarchive":false,"robots_nosnippet":false,"robots_nofollow":false,"robots_noimageindex":false,"robots_noodp":false,"robots_notranslate":false,"robots_max_snippet":"-1","robots_max_videopreview":"-1","robots_max_imagepreview":"large","priority":null,"frequency":"default","location":null,"local_seo":null,"breadcrumb_settings":null,"limit_modified_date":false,"ai":null,"created":"2024-03-04 07:18:14","updated":"2025-06-04 13:24:03","seo_analyzer_scan_date":null,"focus_keyword":null,"additional_keywords":null,"truseo_locale":null},"aioseo_breadcrumb":"<div class=\"aioseo-breadcrumbs\"><span class=\"aioseo-breadcrumb\">\n\t\t\t<a href=\"https:\/\/www.elri.ch\/fr\/\" title=\"Home\">Home<\/a>\n\t\t<\/span><span class=\"aioseo-breadcrumb-separator\">&raquo;<\/span><span class=\"aioseo-breadcrumb\">\n\t\t\t<a href=\"https:\/\/www.elri.ch\/fr\/category\/personal-fr\/\" title=\"Personnel\">Personnel<\/a>\n\t\t<\/span><span class=\"aioseo-breadcrumb-separator\">&raquo;<\/span><span class=\"aioseo-breadcrumb\">\n\t\t\tJubil\u00e9s dans l\u2019enterprise 2024\n\t\t<\/span><\/div>","aioseo_breadcrumb_json":[{"label":"Home","link":"https:\/\/www.elri.ch\/fr\/"},{"label":"Personnel","link":"https:\/\/www.elri.ch\/fr\/category\/personal-fr\/"},{"label":"Jubil\u00e9s dans l&rsquo;enterprise 2024","link":"https:\/\/www.elri.ch\/fr\/personal-fr\/jubiles-dans-lenterprise-2024\/"}],"_links":{"self":[{"href":"https:\/\/www.elri.ch\/fr\/wp-json\/wp\/v2\/posts\/6781","targetHints":{"allow":["GET"]}}],"collection":[{"href":"https:\/\/www.elri.ch\/fr\/wp-json\/wp\/v2\/posts"}],"about":[{"href":"https:\/\/www.elri.ch\/fr\/wp-json\/wp\/v2\/types\/post"}],"author":[{"embeddable":true,"href":"https:\/\/www.elri.ch\/fr\/wp-json\/wp\/v2\/users\/4"}],"replies":[{"embeddable":true,"href":"https:\/\/www.elri.ch\/fr\/wp-json\/wp\/v2\/comments?post=6781"}],"version-history":[{"count":19,"href":"https:\/\/www.elri.ch\/fr\/wp-json\/wp\/v2\/posts\/6781\/revisions"}],"predecessor-version":[{"id":7287,"href":"https:\/\/www.elri.ch\/fr\/wp-json\/wp\/v2\/posts\/6781\/revisions\/7287"}],"wp:attachment":[{"href":"https:\/\/www.elri.ch\/fr\/wp-json\/wp\/v2\/media?parent=6781"}],"wp:term":[{"taxonomy":"category","embeddable":true,"href":"https:\/\/www.elri.ch\/fr\/wp-json\/wp\/v2\/categories?post=6781"},{"taxonomy":"post_tag","embeddable":true,"href":"https:\/\/www.elri.ch\/fr\/wp-json\/wp\/v2\/tags?post=6781"}],"curies":[{"name":"wp","href":"https:\/\/api.w.org\/{rel}","templated":true}]}}